{"id":4205,"date":"2022-08-30T11:16:58","date_gmt":"2022-08-30T11:16:58","guid":{"rendered":"https:\/\/kursy-udt.pl\/?p=4205"},"modified":"2023-05-22T18:10:37","modified_gmt":"2023-05-22T16:10:37","slug":"protection-juridique-du-travail-2","status":"publish","type":"post","link":"https:\/\/kursy-udt.pl\/fr\/prawna-ochrony-pracy\/","title":{"rendered":"Protection l\u00e9gale du travail - que devez-vous savoir ?"},"content":{"rendered":"<p>La protection juridique du travail est un ensemble de r\u00e9glementations officiellement adopt\u00e9es visant \u00e0 garantir la s\u00e9curit\u00e9 et la sant\u00e9 des employ\u00e9s sur le lieu de travail. En Pologne, le syst\u00e8me d&#039;organisation de la protection du travail est divis\u00e9 en:&nbsp;<\/p>\n\n\n\n<ul class=\"wp-block-list\">\n<li>compagnie,&nbsp;<\/li>\n\n\n\n<li>\u00e0 l&#039;\u00e9chelle nationale.&nbsp;<\/li>\n<\/ul>\n\n\n<div class=\"wp-block-image\">\n<figure class=\"alignleft is-resized\"><a href=\"https:\/\/kursy-udt.pl\/wp-content\/uploads\/2022\/08\/1-13.jpeg\"><img loading=\"lazy\" decoding=\"async\" src=\"https:\/\/kursy-udt.pl\/wp-content\/uploads\/2022\/08\/1-13-300x200.jpeg\" alt=\"Inspection du lieu de travail\" class=\"wp-image-4206\" width=\"300\" height=\"200\" srcset=\"https:\/\/kursy-udt.pl\/wp-content\/uploads\/2022\/08\/1-13-300x200.jpeg 300w, https:\/\/kursy-udt.pl\/wp-content\/uploads\/2022\/08\/1-13-1024x683.jpeg 1024w, https:\/\/kursy-udt.pl\/wp-content\/uploads\/2022\/08\/1-13-768x512.jpeg 768w, https:\/\/kursy-udt.pl\/wp-content\/uploads\/2022\/08\/1-13-1536x1024.jpeg 1536w, https:\/\/kursy-udt.pl\/wp-content\/uploads\/2022\/08\/1-13-18x12.jpeg 18w, https:\/\/kursy-udt.pl\/wp-content\/uploads\/2022\/08\/1-13-624x416.jpeg 624w, https:\/\/kursy-udt.pl\/wp-content\/uploads\/2022\/08\/1-13.jpeg 1600w\" sizes=\"auto, (max-width: 300px) 100vw, 300px\" \/><\/a><\/figure>\n<\/div>\n\n\n<p>La responsabilit\u00e9 nationale incombe au gouvernement, au parlement et \u00e0 toutes les institutions de l&#039;\u00c9tat qui contr\u00f4lent le respect du droit du travail. Ces autorit\u00e9s ont le pouvoir d&#039;appliquer la r\u00e9glementation du travail et d&#039;autres questions similaires. Un salari\u00e9 d&#039;usine b\u00e9n\u00e9ficie d&#039;une protection au sens du droit du travail. Le syst\u00e8me de protection juridique du travail est suppos\u00e9 \u00eatre un ensemble d&#039;unit\u00e9s r\u00e9glement\u00e9es, qui servent ensemble le m\u00eame objectif. Dans le contexte de la protection du travail, un employ\u00e9 est une personne qui travaille dans le cadre d&#039;un contrat de travail, tandis qu&#039;un employeur est une institution ou une unit\u00e9 employant des personnes physiques. La protection juridique du travail prend en charge des questions telles que :&nbsp;<\/p>\n\n\n\n<ul class=\"wp-block-list\">\n<li>ressources \u00e9conomiques (pr\u00eats, imp\u00f4ts)&nbsp;<\/li>\n\n\n\n<li>des mesures juridiques,&nbsp;<\/li>\n\n\n\n<li>mesures techniques (certifications, tests, r\u00e9glementations),&nbsp;<\/li>\n\n\n\n<li>des mesures organisationnelles (\u00e9ducation, assurance).&nbsp;<\/li>\n<\/ul>\n\n\n\n<p>Selon la protection du travail, un \u00e9tat de s\u00e9curit\u00e9 existe lorsque le risque de pr\u00e9judice sur le lieu de travail n'est pas jug\u00e9 trop \u00e9lev\u00e9. La protection du travail veille \u00e9galement \u00e0 la garantie de la sant\u00e9 des travailleurs. En d'autres termes, les conditions doivent \u00eatre cr\u00e9\u00e9es sur le lieu de travail pour co\u00efncider avec les objectifs de l'OMS, c'est-\u00e0-dire pour assurer le confort du travailleur :&nbsp;<\/p>\n\n\n\n<ul class=\"wp-block-list\">\n<li>mental,&nbsp;<\/li>\n\n\n\n<li>social,&nbsp;<\/li>\n\n\n\n<li>physique.&nbsp;<\/li>\n<\/ul>\n\n\n\n<p>Un \u00e9l\u00e9ment important de la protection professionnelle est le respect et la mise en place d'une formation <a href=\"https:\/\/kursy-udt.pl\/fr\/szkolenia\/bhp-bezpieczenstwo-pracy\/prawna-ochrona-pracy\/\">Sant\u00e9 et s\u00e9curit\u00e9<\/a> par du personnel qualifi\u00e9 en la mati\u00e8re. La sant\u00e9 et la s\u00e9curit\u00e9 au travail est un ensemble de normes destin\u00e9es \u00e0 prot\u00e9ger les travailleurs contre les risques \u00e9ventuels de dommages ou d'accidents et \u00e0 organiser des conditions de travail hygi\u00e9niques et confortables.&nbsp;&nbsp;<\/p>\n\n\n\n<h2 class=\"wp-block-heading\">Objectifs de la protection du travail\u00a0<\/h2>\n\n\n\n<p>Bien que cela puisse sembler assez simple, les objectifs de protection de l&#039;emploi peuvent \u00eatre assez complexes et complexes. Parmi eux, on distingue :&nbsp;<\/p>\n\n\n<div class=\"wp-block-image\">\n<figure class=\"alignright\"><a href=\"https:\/\/kursy-udt.pl\/wp-content\/uploads\/2022\/08\/1.webp\"><img loading=\"lazy\" decoding=\"async\" width=\"300\" height=\"200\" src=\"https:\/\/kursy-udt.pl\/wp-content\/uploads\/2022\/08\/1-300x200.webp\" alt=\"Inspection du lieu de travail\" class=\"wp-image-4207\" srcset=\"https:\/\/kursy-udt.pl\/wp-content\/uploads\/2022\/08\/1-300x200.webp 300w, https:\/\/kursy-udt.pl\/wp-content\/uploads\/2022\/08\/1-1024x683.webp 1024w, https:\/\/kursy-udt.pl\/wp-content\/uploads\/2022\/08\/1-768x512.webp 768w, https:\/\/kursy-udt.pl\/wp-content\/uploads\/2022\/08\/1-1536x1024.webp 1536w, https:\/\/kursy-udt.pl\/wp-content\/uploads\/2022\/08\/1-18x12.webp 18w, https:\/\/kursy-udt.pl\/wp-content\/uploads\/2022\/08\/1-624x416.webp 624w, https:\/\/kursy-udt.pl\/wp-content\/uploads\/2022\/08\/1.webp 1600w\" sizes=\"auto, (max-width: 300px) 100vw, 300px\" \/><\/a><\/figure>\n<\/div>\n\n\n<ul class=\"wp-block-list\">\n<li>le respect et la protection des droits des travailleurs,&nbsp;<\/li>\n\n\n\n<li>minimiser les risques associ\u00e9s aux conditions dangereuses et nocives sur le lieu de travail,&nbsp;<\/li>\n\n\n\n<li>l'optimisation des conditions de travail d'un point de vue physiologique et psychologique.&nbsp;<\/li>\n<\/ul>\n\n\n\n<p>Selon les hypoth\u00e8ses de la protection du travail, l&#039;employeur est principalement responsable d&#039;assurer des conditions s\u00fbres et confortables sur le lieu de travail. Ses fonctions incluent :&nbsp;<\/p>\n\n\n\n<ul class=\"wp-block-list\">\n<li>adapter le lieu de travail \u00e0 toutes les normes de sant\u00e9 et de s\u00e9curit\u00e9,&nbsp;<\/li>\n\n\n\n<li>fournir aux employ\u00e9s l&#039;\u00e9quipement n\u00e9cessaire et garder le lieu de travail en ordre,&nbsp;<\/li>\n\n\n\n<li>le contr\u00f4le des salari\u00e9s sur le respect des normes d\u2019hygi\u00e8ne et de s\u00e9curit\u00e9,&nbsp;<\/li>\n\n\n\n<li>respect des recommandations du m\u00e9decin pr\u00e9sent sur le lieu de travail.&nbsp;<\/li>\n<\/ul>\n\n\n\n<p>En tant que salari\u00e9, vous devez respecter des obligations telles que :&nbsp;<\/p>\n\n\n\n<ul class=\"wp-block-list\">\n<li>le respect et la connaissance approfondie des normes d&#039;hygi\u00e8ne et de s\u00e9curit\u00e9,&nbsp;<\/li>\n\n\n\n<li>mise en \u0153uvre de toutes les hypoth\u00e8ses de sant\u00e9 et de s\u00e9curit\u00e9 en collaboration avec leurs sup\u00e9rieurs et l&#039;employeur.&nbsp;<\/li>\n<\/ul>\n\n\n\n<p>Toute la section du Code du travail est consacr\u00e9e \u00e0 la protection juridique du travail, qui d\u00e9termine les risques pos\u00e9s par divers objets, machines ou outils, ainsi que la mani\u00e8re dont un salari\u00e9 doit \u00eatre pr\u00e9par\u00e9 \u00e0 la profession sur le plan sanitaire et psychologique.&nbsp;<\/p>\n\n\n\n<h2 class=\"wp-block-heading\">Organismes \u00e9tatiques de contr\u00f4le de la protection du travail\u00a0<\/h2>\n\n\n\n<p>Les institutions \u00e9tatiques les plus importantes dot\u00e9es de la plus grande force juridique comprennent des organes tels que:&nbsp;<\/p>\n\n\n\n<ul class=\"wp-block-list\">\n<li>Autorit\u00e9 de contr\u00f4le technique,&nbsp;<\/li>\n\n\n\n<li>Inspection nationale du travail,&nbsp;<\/li>\n\n\n\n<li>Contr\u00f4le sanitaire,&nbsp;<\/li>\n\n\n\n<li>Inspection sociale du travail.&nbsp;<\/li>\n<\/ul>\n\n\n\n<p>Chacun de ces organismes travaille dans un domaine diff\u00e9rent, mais tous sont n\u00e9cessaires pour examiner correctement les lieux de travail en termes de protection juridique du travail. La protection juridique du travail est un sujet tr\u00e8s important et complexe qui concerne de nombreuses personnes \u00e0 la fois. Elle est essentielle au bon fonctionnement et \u00e0 la s\u00e9curit\u00e9 des lieux de travail dans tout le pays.&nbsp;&nbsp;&nbsp;<\/p>","protected":false},"excerpt":{"rendered":"<p>Prawna ochrona pracy jest przyj\u0119tym oficjalnie zbiorem regulacji, kt\u00f3ry s\u0142u\u017cy zapewnieniu bezpiecze\u0144stwa i zdrowia pracownikom w miejscu pracy. W Polsce system organizacji ochrony pracy dzieli si\u0119 na:&nbsp; Og\u00f3lnokrajowym zajmuje si\u0119 rz\u0105d, parlament i wszystkie pa\u0144stwowe instytucje sprawuj\u0105ce nadz\u00f3r nad przestrzeganiem prawa pracy. Te organy sprawuj\u0105 w\u0142adz\u0119 nad egzekwowaniem przepis\u00f3w pracy i innych tego typu kwestii. W rozumieniu prawa pracy ochronie podlega pracownik zak\u0142adu. Jako system prawnej ochrony pracy przyjmuje si\u0119 ca\u0142y zbi\u00f3r uregulowanych jednostek, kt\u00f3re zebrane w jedno\u015b\u0107 s\u0142u\u017c\u0105 temu samemu celowi. W kontek\u015bcie ochrony pracy pracownik jest osob\u0105, kt\u00f3ra pracuje wedle umowy o prac\u0119, za\u015b pracodawca to instytucja lub jednostka zatrudniaj\u0105ca osoby fizyczne. Prawna ochrona pracy dba o kwestie takie jak:&nbsp; Wed\u0142ug ochrony pracy stan bezpiecze\u0144stwa istnieje wtedy, gdy nie stwierdza si\u0119 zbyt du\u017cego ryzyka wyst\u0105pienia szk\u00f3d w miejscu pracy. Kolejn\u0105 kwesti\u0105, kt\u00f3r\u0105 monitoruje ochrona pracy jest gwarancja zdrowia pracownika. Mianowicie, w miejscu pracy musz\u0105 zosta\u0107 stworzone takie warunki, by pokrywa\u0142y si\u0119 z za\u0142o\u017ceniami WHO, czyli zapewni\u0107 pracownikowi komfort:&nbsp; Jednym z wa\u017cnych element\u00f3w ochrony pracy jest przestrzeganie i prowadzenie szkole\u0144 BHP przez wyszkolon\u0105 kadr\u0119 w tym temacie. BHP jest zbiorem norm maj\u0105cych na celu zabezpieczenie pracownik\u00f3w przed ewentualnym ryzykiem wyst\u0105pienia szk\u00f3d czy wypadk\u00f3w oraz zorganizowania higienicznych i komfortowych warunk\u00f3w wykonywania pracy.&nbsp;&nbsp; Cele ochrony pracy\u00a0 Cho\u0107 mo\u017ce si\u0119 to wydawa\u0107 dosy\u0107 proste, cele ochrony pracy mog\u0105 by\u0107 dosy\u0107 skomplikowane i z\u0142o\u017cone. Wyr\u00f3\u017cni\u0107 spo\u015br\u00f3d nich mo\u017cna:&nbsp; Wedle za\u0142o\u017ce\u0144 ochrony pracy g\u0142\u00f3wnym odpowiedzialnym za zapewnienie bezpiecznych i komfortowych warunk\u00f3w w miejscu pracy jest pracodawca. Do jego obowi\u0105zk\u00f3w nale\u017c\u0105 mi\u0119dzy innymi:&nbsp; Jako pracownik nale\u017cy przestrzega\u0107 obowi\u0105zk\u00f3w takich jak:&nbsp; [&hellip;]<\/p>\n","protected":false},"author":6,"featured_media":4207,"comment_status":"closed","ping_status":"closed","sticky":false,"template":"","format":"standard","meta":{"sfsi_plus_gutenberg_text_before_share":"","sfsi_plus_gutenberg_show_text_before_share":"","sfsi_plus_gutenberg_icon_type":"","sfsi_plus_gutenberg_icon_alignemt":"","sfsi_plus_gutenburg_max_per_row":"","footnotes":""},"categories":[2],"tags":[],"class_list":["post-4205","post","type-post","status-publish","format-standard","has-post-thumbnail","hentry","category-szkolenia-udt","has_thumb"],"aioseo_notices":[],"_links":{"self":[{"href":"https:\/\/kursy-udt.pl\/fr\/wp-json\/wp\/v2\/posts\/4205","targetHints":{"allow":["GET"]}}],"collection":[{"href":"https:\/\/kursy-udt.pl\/fr\/wp-json\/wp\/v2\/posts"}],"about":[{"href":"https:\/\/kursy-udt.pl\/fr\/wp-json\/wp\/v2\/types\/post"}],"author":[{"embeddable":true,"href":"https:\/\/kursy-udt.pl\/fr\/wp-json\/wp\/v2\/users\/6"}],"replies":[{"embeddable":true,"href":"https:\/\/kursy-udt.pl\/fr\/wp-json\/wp\/v2\/comments?post=4205"}],"version-history":[{"count":2,"href":"https:\/\/kursy-udt.pl\/fr\/wp-json\/wp\/v2\/posts\/4205\/revisions"}],"predecessor-version":[{"id":6028,"href":"https:\/\/kursy-udt.pl\/fr\/wp-json\/wp\/v2\/posts\/4205\/revisions\/6028"}],"wp:featuredmedia":[{"embeddable":true,"href":"https:\/\/kursy-udt.pl\/fr\/wp-json\/wp\/v2\/media\/4207"}],"wp:attachment":[{"href":"https:\/\/kursy-udt.pl\/fr\/wp-json\/wp\/v2\/media?parent=4205"}],"wp:term":[{"taxonomy":"category","embeddable":true,"href":"https:\/\/kursy-udt.pl\/fr\/wp-json\/wp\/v2\/categories?post=4205"},{"taxonomy":"post_tag","embeddable":true,"href":"https:\/\/kursy-udt.pl\/fr\/wp-json\/wp\/v2\/tags?post=4205"}],"curies":[{"name":"wp","href":"https:\/\/api.w.org\/{rel}","templated":true}]}}